{"provider_url": "https://www.ituiutaba.mg.leg.br", "title": "Hist\u00f3ria", "html": "<table id=\"Table_01\">\r\n<tbody>\r\n<tr>\r\n<td colspan=\"3\">\r\n<table>\r\n<tbody>\r\n<tr>\r\n<td>\r\n<div align=\"center\" style=\"text-align: justify; \"><b><span>Ituiutaba- Funda\u00e7\u00e3o e Emancipa\u00e7\u00e3o</span></b></div>\r\n<div style=\"text-align: justify; \">\u00a0</div>\r\n<div style=\"text-align: justify; \">\u00cdndios Caiap\u00f3s ou Tapuia viviam felizes na regi\u00e3o. Ca\u00e7avam, pescavam , colhiam frutos e apesar de n\u00f4mades, estavam sempre nas beiradas dos rios Tijuco e Parana\u00edba. Cultivavam algumas lavouras, principalmente a mandioca, de cuja raiz faziam farinha.</div>\r\n<div style=\"text-align: justify; \">Foi assim o come\u00e7o de tudo...</div>\r\n<div style=\"text-align: justify; \">\u00a0</div>\r\n<div style=\"text-align: justify; \">Em 1820, chegaram os primeiros desbravadores. Eram eles, Joaquim Antonio de Morais e Jos\u00e9 da Silva Ramos, vindos do sul de Minas...</div>\r\n<div style=\"text-align: justify; \">\u00a0</div>\r\n<div style=\"text-align: justify; \">Em 1915, Ituiutaba foi elevada a termo jur\u00eddico com o nome atual de Ituiutaba, atrav\u00e9s da Lei n\u00famero 663 de 18- 09- 1915, que alterou a divis\u00e3o judici\u00e1ria do Estado de Minas gerais, continuando, entretanto, a pertencer \u00e0 Comarca do Prata, mas somente foi oficializada esta lei pelo Decreto n\u00famero 4.759 de 25- 04- 1917, quando foi marcada a data para a instala\u00e7\u00e3o do termo, o que se efetivou em 06-07-1917, com a posse do primeiro Juiz Muncipal Dr. Luiz Jefferson Monteiro ( autor do Hino de Ituiutaba).</div>\r\n<div style=\"text-align: justify; \">\u00a0</div>\r\n<div style=\"text-align: justify; \">O top\u00f4nimo \"Ituiutaba\" foi criado por ser a cidade situada nas proximidades de um rio lodoso, de \u00e1guas sujas e barrentas.</div>\r\n<div style=\"text-align: justify; \">I\u00a0\u00a0= Rio;</div>\r\n<div style=\"text-align: justify; \">TUIU = Tijuco, lodoso, \u00e1gua suja;</div>\r\n<div style=\"text-align: justify; \">TABA\u00a0\u00a0= Cidade.</div>\r\n<div style=\"text-align: justify; \">\u00a0</div>\r\n<div align=\"center\" style=\"text-align: justify; \"><b><span>Hino de Ituiutaba</span></b></div>\r\n<div style=\"text-align: justify; \">\u00a0</div>\r\n<div style=\"text-align: justify; \">M\u00fasica: Jorge Marques da Silva</div>\r\n<div style=\"text-align: justify; \">Letra: Dr, Luiz Jefferson Monteiro da Silva e Dr. Manoel Tib\u00farcio Nogueira</div>\r\n<div style=\"text-align: justify; \">\u00a0</div>\r\n<div style=\"text-align: justify; \">\u00a0</div>\r\n<div style=\"text-align: justify; \">Neste canto da terra mineira,</div>\r\n<div style=\"text-align: justify; \">Brasileiros nascemos um dia,</div>\r\n<div style=\"text-align: justify; \">S\u00e3o Jos\u00e9 do Tijuco fagueira,</div>\r\n<div style=\"text-align: justify; \">Nossa terra feraz, assim dizia:</div>\r\n<div style=\"text-align: justify; \">\u00a0</div>\r\n<div style=\"text-align: justify; \">Refr\u00e3o: Ituiutaba, terra nutriz,</div>\r\n<div style=\"text-align: justify; \">Bendita e amada por todos n\u00f3s,</div>\r\n<div style=\"text-align: justify; \">Ao porvir risonho, \u00e1ureo e feliz,</div>\r\n<div style=\"text-align: justify; \">\u00c9s proclamada em alta voz. ( Bis )</div>\r\n<div style=\"text-align: justify; \">\u00a0</div>\r\n<div style=\"text-align: justify; \">A caudal que te banha, volumosa,</div>\r\n<div style=\"text-align: justify; \">Do Rio Tijuco, constante, seguro,</div>\r\n<div style=\"text-align: justify; \">Simboliza a incessante e corajosa</div>\r\n<div style=\"text-align: justify; \">A\u00e7\u00e3o do povo em raz\u00e3o do futuro.</div>\r\n<div style=\"text-align: justify; \">( Repetir refr\u00e3o. )</div>\r\n<div style=\"text-align: justify; \">\u00a0</div>\r\n<div style=\"text-align: justify; \">Vila Platina ap\u00f3s se chamou</div>\r\n<div style=\"text-align: justify; \">A S\u00e3o Jos\u00e9, e a fama se gaba</div>\r\n<div style=\"text-align: justify; \">Da terra que outro nome ganhou</div>\r\n<div style=\"text-align: justify; \">O ber\u00e7o querido, Ituiutaba</div>\r\n<div style=\"text-align: justify; \">( Repetir refr\u00e3o.)</div>\r\n<div align=\"right\" style=\"text-align: justify; \">\u00a0</div>\r\n<div align=\"right\" style=\"text-align: justify; \"><i><span>VOCABUL\u00c1RIO:</span></i></div>\r\n<div align=\"right\" style=\"text-align: justify; \"><i><span>\u00c1urea= coberta de ouro.</span></i></div>\r\n<div align=\"right\" style=\"text-align: justify; \"><i><span>Caudal= torrente impetuosa; caudalosa.</span></i></div>\r\n<div align=\"right\" style=\"text-align: justify; \"><i><span>Fagueira= adj. 1. Que afaga;</span></i></div>\r\n<div align=\"right\" style=\"text-align: justify; \"><i><span>Feraz= fecunda, produtiva.</span></i></div>\r\n<div align=\"right\" style=\"text-align: justify; \"><i><span>Nutriz= mulher ou f\u00eamea que amamenta.</span></i></div>\r\n<div align=\"right\" style=\"text-align: justify; \"><i><span>Porvir= O tempo que est\u00e1 por vir. Futuro.</span></i></div>\r\n<div align=\"right\" style=\"text-align: justify; \"><i><span>Proclamada= Anunciada publicamente em voz alta.</span></i></div>\r\n<div align=\"right\" style=\"text-align: justify; \">\u00a0</div>\r\n<div align=\"center\" style=\"text-align: justify; \"><b><span>Agentes Executivos</span></b></div>\r\n<div style=\"text-align: justify; \">\u00a0</div>\r\n<div style=\"text-align: justify; \">Tobias da Costa Junqueira - 1905</div>\r\n<div style=\"text-align: justify; \">Francisco Alves vilela - 1905 a 1907</div>\r\n<div style=\"text-align: justify; \">Fernando Alexandre Vilela de Andrade - 1908 a 1911</div>\r\n<div style=\"text-align: justify; \">Jo\u00e3o Martins de Andrade - 1912 a 1918</div>\r\n<div style=\"text-align: justify; \">Antonio Domingos Franco - 1919 a 1922</div>\r\n<div style=\"text-align: justify; \">Jo\u00e3o Martins de Andrade - 1923 a 1925</div>\r\n<div style=\"text-align: justify; \">Antonio Domingos Franco - 1925 a 1926</div>\r\n<div style=\"text-align: justify; \">Augusto Martins de Andrade - 1927 a 1931</div>\r\n<div style=\"text-align: justify; \">\u00a0</div>\r\n<div style=\"text-align: justify; \">Ap\u00f3s a revolu\u00e7\u00e3o de outubro de 1930, foi criado o Estado Novo, e o interventor mineiro nomeou o primeiro prefeito de Ituiutaba. Dr, Jaime Ribeiro da Luz.</div>\r\n<div style=\"text-align: justify; \">\u00a0</div>\r\n<div align=\"center\" style=\"text-align: justify; \"><b><span>Prefeitos</span></b></div>\r\n<div style=\"text-align: justify; \">\u00a0</div>\r\n<div style=\"text-align: justify; \">Jaime Ribeiro da Luz - 1931 a 1935</div>\r\n<div style=\"text-align: justify; \">Jo\u00e3o Alberto da Fonseca - 1935</div>\r\n<div style=\"text-align: justify; \">Adelino de Oliveira Carvalho - 1936 a 1940</div>\r\n<div style=\"text-align: justify; \">Jaime Veloso Meinberg -\u00a0<i>nomeado</i>\u00a0- 1940 a 1945</div>\r\n<div style=\"text-align: justify; \">\u00a0</div>\r\n<div style=\"text-align: justify; \"><i>Na \u00e9poca da ditadura militar do governo estadual, as pessoas viviam sob um regime militar r\u00edgido. Ningu\u00e9m podia criticar o governo, sendo um per\u00edodo de disputas, implic\u00e2ncias e persegui\u00e7\u00f5es, onde a pol\u00edcia era autoridade m\u00e1xima.</i></div>\r\n<div style=\"text-align: justify; \">Em 1930, Adelino de Oliveira foi eleito pelo voto popular, mas foi afastado pela ditadura em 1940.</div>\r\n<div style=\"text-align: justify; \">\u00a0</div>\r\n<div style=\"text-align: justify; \">Camilo Chaves J\u00fanior - 1945 -\u00a0<i>primeiro mandato</i>-1946 -\u00a0<i>segundo mandato</i></div>\r\n<div style=\"text-align: justify; \">Jos\u00e9 Am\u00e9rico Macedo - 1945</div>\r\n<div style=\"text-align: justify; \">Jaimes de Barros -\u00a0<i>nomeado</i>\u00a0- 1947</div>\r\n<div style=\"text-align: justify; \">Omar de Oliveira Diniz - 1947 a 1948</div>\r\n<div style=\"text-align: justify; \">M\u00e1rio Natal Guimar\u00e3es - 1948 a 1951</div>\r\n<div style=\"text-align: justify; \">David Ribeiro de Gouveia -\u00a0<i>primeiro mandato</i>\u00a0- 1951 a 1955</div>\r\n<div style=\"text-align: justify; \">Antonio de Souza Martins - 1955 a 1959</div>\r\n<div style=\"text-align: justify; \">David Ribeiro de Gouveia -\u00a0<i>segundo mandato</i>\u00a0- 1959 a 1962</div>\r\n<div style=\"text-align: justify; \">Jos\u00e9 Arcenio de Paula - 1963 a 1964</div>\r\n<div style=\"text-align: justify; \">Rodolfo Leite de Oliveira - 1963 a 1964</div>\r\n<div style=\"text-align: justify; \">Samir Tannus - 1967 a 1970</div>\r\n<div style=\"text-align: justify; \">Gerson Abr\u00e3o \u2013\u00a0<i>interino</i>\u00a0- 1970</div>\r\n<div style=\"text-align: justify; \">Hildo Alves Gouveia -\u00a0<i>interino</i>\u00a0- 1968- 1970- 1971</div>\r\n<div style=\"text-align: justify; \">\u00c1lvaro Ot\u00e1vio Macedo de Andrade - 1071 a 1973</div>\r\n<div style=\"text-align: justify; \">Fued Jos\u00e9 Dib -\u00a0<i>primeiro mandato</i>\u00a0- 1973 a 1977</div>\r\n<div style=\"text-align: justify; \">Jos\u00e9 Arantes de Oliveira -\u00a0<i>interino</i>\u00a0- 1975</div>\r\n<div style=\"text-align: justify; \">Ac\u00e1cio Alves Cintra Sobrinho - 1977 a 1982</div>\r\n<div style=\"text-align: justify; \">Eur\u00edpedes da Costa Mello -\u00a0<i>interino</i>\u00a0- 1981</div>\r\n<div style=\"text-align: justify; \">Romel An\u00edzio Jorge - 1983 a 1988</div>\r\n<div style=\"text-align: justify; \">Gilberto Aparecido Severino - 1989 a 1992</div>\r\n<div style=\"text-align: justify; \">Jo\u00e3o Batista Arantes - 1993 a 1996</div>\r\n<div style=\"text-align: justify; \">Carlos Mello -\u00a0<i>interino</i>\u00a0- 1996</div>\r\n<div style=\"text-align: justify; \">P\u00fablio Chaves -\u00a0<i>primeiro mandato</i>\u00a0- 1997 a 2000 -\u00a0<i>Segundo mandato</i>\u00a0- 2001 a 2004</div>\r\n<div style=\"text-align: justify; \">Fued Jos\u00e9 Dib -\u00a0<i>segundo mandato\u00a0</i>- 2005 a 2008</div>\r\n<div style=\"text-align: justify; \">P\u00fablio Chaves \u2013\u00a0<i>terceiro mandato-\u00a0</i>2009 a 2010</div>\r\n<div style=\"text-align: justify; \">Luiz Pedro Corr\u00eaa do Carmo \u2013 2010 a 2012</div>\r\n<div style=\"text-align: justify; \">\u00a0</div>\r\n<div align=\"center\" style=\"text-align: justify; \"><b><span>C\u00e2mara Municipal de Ituiutaba</span></b></div>\r\n<div style=\"text-align: justify; \">\u00a0</div>\r\n<div style=\"text-align: justify; \"><b><i><span>HIST\u00d3RIA</span></i></b></div>\r\n<div style=\"text-align: justify; \">\u00a0</div>\r\n<div style=\"text-align: justify; \">Os moradores da antiga Vila Platina j\u00e1 tinham almo\u00e7ado quando autoridades e populares se reuniram no Pa\u00e7o Municipal.</div>\r\n<div style=\"text-align: justify; \">\u00a0</div>\r\n<div style=\"text-align: justify; \">Eram doze horas do dia primeiro de janeiro de 1902 e a reuni\u00e3o tinha uma finalidade exclusiva: empossar a\u00a0\u00a0primeira C\u00e2mara Municipal de Vila Platina e instalar o Munic\u00edpio criado pela Lei n\u00famero 319 de 16 de setembro de 1901. Na ocasi\u00e3o, a presen\u00e7a de Francisco Alves Vilela, foi registrada entre as autoridades que pronunciaram em voz alta, o compromisso da lei.</div>\r\n<div style=\"text-align: justify; \">\u00a0</div>\r\n<div style=\"text-align: justify; \">Em primeiro de janeiro de 1905, a ata da sess\u00e3o de posse foi registrada pelo secret\u00e1rio Francisco Alves Vilela.</div>\r\n<div style=\"text-align: justify; \">\u00a0</div>\r\n<div style=\"text-align: justify; \">O processo de cria\u00e7\u00e3o do Munic\u00edpio de Vila Platina e a liberta\u00e7\u00e3o pol\u00edtica do Prata- MG trouxe conseq\u00fc\u00eancias para o povo e para a cidade. Muito tinha para se fazer: pontes, estradas, cemit\u00e9rios, escolas, ilumina\u00e7\u00e3o , jardins, canaliza\u00e7\u00e3o de \u00e1gua, a cria\u00e7\u00e3o do regimento , a verifica\u00e7\u00e3o dos limites de Ituiutaba com munic\u00edpios vizinhos, mas os\u00a0\u00a0pol\u00edticos da \u00e9poca n\u00e3o temeram o desafio...</div>\r\n<div style=\"text-align: justify; \">\u00a0</div>\r\n<div style=\"text-align: justify; \">\u00a0</div>\r\n<div style=\"text-align: justify; \"><b><i><span>Atas de Reuni\u00f5es Do Executivo e Legislativo</span></i></b></div>\r\n<div style=\"text-align: justify; \"><b><i><span>Per\u00edodo= 1908 a 1911</span></i></b></div>\r\n<div style=\"text-align: justify; \">\u00a0</div>\r\n<div style=\"text-align: justify; \">V\u00e1rias atas foram lavradas durante esse per\u00edodo. E v\u00e1rios projetos discutidos e transformados em leis.</div>\r\n<div style=\"text-align: justify; \">\u00a0</div>\r\n<div style=\"text-align: justify; \">Ata lavrada de sess\u00e3o de posse dos vereadores, da elei\u00e7\u00e3o do Presidente e Agente Executivo, do primeiro e segundo secret\u00e1rios das comiss\u00f5es respectivas e do Vice- Presidente.</div>\r\n<div style=\"text-align: justify; \">\u00a0</div>\r\n<div style=\"text-align: justify; \">\"As doze horas do dia 15 de janeiro de um mil novecentos e oito na sala da C\u00e2mara Municipal, procedendo a chamada dos vereadores eleitos, a eles responderam os senhores: Antonio Junqueira, Esa\u00fa Carvalho, Fernando Alexandre, Francisco Vilela, Francisco Lorena, Fernando Vilela Ribeiro de Andrade e Jos\u00e9 Cristiano, faltando sem causa avisada os senhores Martins de Andrade Domingues franco e Renato Moura. Havendo n\u00famero legal o senhor presidente abriu a sess\u00e3o e convidou as comiss\u00f5es destinadas a darem seus pareceres sobre o reconhecimento de poderes dos novos eleitos, a apresentarem os mesmos. As referidas comiss\u00f5es apresentaram seus pareceres reconhecendo leg\u00edtima e incontest\u00e1vel a elei\u00e7\u00e3o de todos os vereadores j\u00e1 referidos , em virtude do que foram os mesmos proclamados vereadores deste munic\u00edpio. Ficando os mesmos pareceres, que foram aprovados, arquivados para em todo o tempo contar. O senhor Presidente convidou os senhores a procederem a elei\u00e7\u00e3o para presidente e agente executivo municipal, para Vice- Presidente e para primeiro e segundo secret\u00e1rio, o que foi feito, verificou- se serem eleitos os seguintes vereadores: - Para Presidente e Agente Executivo Municipal: Fernando Alexandre Vilela de Andrade; para Vice- Presidente: Antonio da Costa Junqueira; para primeiro secret\u00e1rio: Fernando Vilela de Andrade e para segundo secret\u00e1rio: Francisco Antonio de Lorena. O senhor presidente interino convidou ao presidente ora eleito a aceitar a cadeira da presid\u00eancia. O novo presidente ocupando sua cadeira, faz- se de p\u00e9, no que foi acompanhado pela C\u00e2mara e prestou ao compromisso da lei e, depois de agradecer aos senhores vereadores pela escolha de sua pessoa para o cargo que o elegeram, convidou- os aprestarem os seus juramentos ou compromissos de que trata a lei. De tudo lavrou-se a presente ata que foi assinada por todos os vereadores presentes.\"</div>\r\n<div style=\"text-align: justify; \">\u00a0</div>\r\n<div align=\"center\" style=\"text-align: justify; \"><b><span>Presidentes da C\u00e2mara Municipal de Ituiutaba</span></b></div>\r\n<div style=\"text-align: justify; \">\u00a0</div>\r\n<div style=\"text-align: justify; \">Pio Goulart - 1902</div>\r\n<div style=\"text-align: justify; \">Tobias Costa Junqueira - 1905 a 1907</div>\r\n<div style=\"text-align: justify; \">Fernando Alexandre Vilela Andrade - 1907 a 1912</div>\r\n<div style=\"text-align: justify; \">Jo\u00e3o Martins Andrade - 1912 a 1915</div>\r\n<div style=\"text-align: justify; \">Jo\u00e3o Martins Andrade - 1916 a 1919</div>\r\n<div style=\"text-align: justify; \">Antonio Domingues Franco - 1919 a 1922</div>\r\n<div style=\"text-align: justify; \">Jo\u00e3o Martins de Andrade - 1923 a 1926</div>\r\n<div style=\"text-align: justify; \">Antonio Domingues Franco - 1927</div>\r\n<div style=\"text-align: justify; \">Augusto Martins de Andrade - 1927 a 1930</div>\r\n<div style=\"text-align: justify; \">Tobias da Costa Junqueira - 1936 a 1937</div>\r\n<div style=\"text-align: justify; \">\u00c1lvaro Brand\u00e3o Andrade - 1947 a 1948</div>\r\n<div style=\"text-align: justify; \">Jos\u00e9 Morais Garcia Vilela - 1948 a 1949</div>\r\n<div style=\"text-align: justify; \">Alcides Gomes Junqueira - 1949 a 1950</div>\r\n<div style=\"text-align: justify; \">Petr\u00f4nio Rodrigues Chaves - 1951 a 1955</div>\r\n<div style=\"text-align: justify; \">David Ribeiro Gouveia - 1955 a 1959</div>\r\n<div style=\"text-align: justify; \">Geraldo Alves Tavares - 1959 a 1961</div>\r\n<div style=\"text-align: justify; \">Rodolfo Leite de Oliveira - 1961 a 1962</div>\r\n<div style=\"text-align: justify; \">Sebasti\u00e3o Luiz Mamede - 1962 a 1963</div>\r\n<div style=\"text-align: justify; \">Ages\u00edpolis Fernandes Maciel -\u00a0\u00a0de janeiro a agosto de1963</div>\r\n<div style=\"text-align: justify; \">Geraldo Luis Moraes Andrade - agosto de 1963 a fevereiro de 1964</div>\r\n<div style=\"text-align: justify; \">Germano Laterza - de fevereiro a maio de 1964</div>\r\n<div style=\"text-align: justify; \">Jurandir In\u00e1cio Moreira - 1964 a 1967</div>\r\n<div style=\"text-align: justify; \">Artur Junqueira de Almeida - 1967 a 1968</div>\r\n<div style=\"text-align: justify; \">Jos\u00e9 dos Santos Vilela J\u00fanior - 1968 a 1969</div>\r\n<div style=\"text-align: justify; \">David Ribeiro de Gouveia - 1969 a 1970</div>\r\n<div style=\"text-align: justify; \">Joaquim da Silva Campos Primo - maio a agosto de 1970</div>\r\n<div style=\"text-align: justify; \">Gerson Abr\u00e3o - 1970 a 1971</div>\r\n<div style=\"text-align: justify; \">Said Jacob Yunes - 1971 a 1972</div>\r\n<div style=\"text-align: justify; \">Romel An\u00edzio Jorge - 1972 a 1973</div>\r\n<div style=\"text-align: justify; \">Jos\u00e9 Arantes de Oliveira - 1973 a 1974</div>\r\n<div style=\"text-align: justify; \">Nilson Ribeiro Vilela - 1974 a 1975</div>\r\n<div style=\"text-align: justify; \">Jos\u00e9 Arantes de Oliveira - 1975 a 1976</div>\r\n<div style=\"text-align: justify; \">Eur\u00edpedes da Costa Mello - 1976 a 1977</div>\r\n<div style=\"text-align: justify; \">Gabriel Palis - 1977 a 1979</div>\r\n<div style=\"text-align: justify; \">Artur Junqueira de Almeida - 1980 a 1981</div>\r\n<div style=\"text-align: justify; \">Gabriel Palis - 1981 a 1983</div>\r\n<div style=\"text-align: justify; \">Said Jacob Yunes - 1983 a 1985</div>\r\n<div style=\"text-align: justify; \">Jos\u00e9 Barreto Miranda - 1985 a 1987</div>\r\n<div style=\"text-align: justify; \">Said Jacob Yunes - 1987 a 1989</div>\r\n<div style=\"text-align: justify; \">Jos\u00e9 dos Santos Vilela - 1989 a 1991</div>\r\n<div style=\"text-align: justify; \">Guilherme Franco Junqueira - 1991 a 1993</div>\r\n<div style=\"text-align: justify; \">Joseph Tannous - 1993 a 1995</div>\r\n<div style=\"text-align: justify; \">Walter Arantes Guimar\u00e3es - 1995 a 1996</div>\r\n<div style=\"text-align: justify; \">Rubens Vaz - 1996 a 1997</div>\r\n<div style=\"text-align: justify; \">Neuza dos Reis Domingues - 1997 a 1998</div>\r\n<div style=\"text-align: justify; \">Samir Augusto Jacob - 1998 a 1999</div>\r\n<div style=\"text-align: justify; \">Daniel Paulo Nascimento - 1999 a 2000</div>\r\n<div style=\"text-align: justify; \">Luziano Justino Dias - 2000 a 2001</div>\r\n<div style=\"text-align: justify; \">Jos\u00e9 Teixeira - 2001</div>\r\n<div style=\"text-align: justify; \">Euviro Novaes Andrade - 2002</div>\r\n<div style=\"text-align: justify; \">Rubens Vaz - 2003</div>\r\n<div style=\"text-align: justify; \">Andr\u00e9 Vilela - 2004</div>\r\n<div style=\"text-align: justify; \">Jos\u00e9 Barreto de Miranda - 2005</div>\r\n<div style=\"text-align: justify; \">Juarez Jos\u00e9 Muniz - 2006</div>\r\n<div style=\"text-align: justify; \">Paulo Louren\u00e7o Freire - 2007</div>\r\n<div style=\"text-align: justify; \">Reginaldo Luiz da Silva Freitas \u2013 2008</div>\r\n<div style=\"text-align: justify; \">Gilberto Aparecido Severino \u2013 2009</div>\r\n<div style=\"text-align: justify; \">Gilberto Bernal J\u00fanior \u2013 2010</div>\r\n<div style=\"text-align: justify; \">Walter Arantes Guimar\u00e3es Filho \u2013 2011</div>\r\n<div style=\"text-align: justify; \">\u00a0</div>\r\n<div align=\"center\" style=\"text-align: justify; \"><b>MESA DIRETORA 2005:</b></div>\r\n<div style=\"text-align: justify; \">\u00a0</div>\r\n<div style=\"text-align: justify; \">PRESIDENTE: Jos\u00e9 Barreto</div>\r\n<div style=\"text-align: justify; \">VICE- PRESIDENTE : Suzana Modesto</div>\r\n<div style=\"text-align: justify; \">SEGUNDO VICE- PRESIDENTE: Reginho</div>\r\n<div style=\"text-align: justify; \">PRIMEIRO SECRET\u00c1RIO: Dr. Adalberto</div>\r\n<div style=\"text-align: justify; \">SEGUNDO SECRET\u00c1RIO: C\u00e9lio Reis</div>\r\n<div style=\"text-align: justify; \">\u00a0</div>\r\n<div align=\"center\" style=\"text-align: justify; \"><b>MESA DIRETORA\u00a0 2006:</b></div>\r\n<div align=\"center\" style=\"text-align: justify; \"><b>\u00a0</b></div>\r\n<div style=\"text-align: justify; \">PRESIDENTE\u00a0\u00a0: Juarez Muniz</div>\r\n<div style=\"text-align: justify; \">VICE- PRESIDENTE: Reginaldo Luiz da Silva Freitas</div>\r\n<div style=\"text-align: justify; \">SECRET\u00c1RIA: Suzana Modesto</div>\r\n<div style=\"text-align: justify; \">SEGUNDO SECRET\u00c1RIO: Marcos Drummond</div>\r\n<div style=\"text-align: justify; \">\u00a0</div>\r\n<div align=\"center\" style=\"text-align: justify; \"><b>MESA DIRETORA 2007:</b></div>\r\n<div align=\"center\" style=\"text-align: justify; \"><b>\u00a0</b></div>\r\n<div style=\"text-align: justify; \">PRESIDENTE- PAULO FREIRE- PMDB</div>\r\n<div style=\"text-align: justify; \">VICE-PRESIDENTE- ANDR\u00c9 VILELA- PPS</div>\r\n<div style=\"text-align: justify; \">PRIMEIRO SECRET\u00c1RIO- REGINALDO LUIS DA SILVA- PDT</div>\r\n<div style=\"text-align: justify; \">SEGUNDA SECRET\u00c1RIA- SUZANA MODESTO- PSDB</div>\r\n<div align=\"center\" style=\"text-align: justify; \"><b>\u00a0</b></div>\r\n<div align=\"center\" style=\"text-align: justify; \"><b>MESA DIRETORA 2008:</b></div>\r\n<div style=\"text-align: justify; \">\u00a0</div>\r\n<div style=\"text-align: justify; \">PRESIDENTE- REGINALDO LUIZ DA SILVA- PPS</div>\r\n<div style=\"text-align: justify; \">VICE-PRESIDENTE- C\u00c9LIO DOS REIS AD\u00c3O DA SILVA- PDT</div>\r\n<div style=\"text-align: justify; \">SECRET\u00c1RIO- MARCOS WILLIAN ALMEIDA DRUMMOND-PMDB</div>\r\n<div style=\"text-align: justify; \">SEGUNDO SECRET\u00c1RIO- ANDR\u00c9 LUIZ NASCIMENTO VILELA-PPS</div>\r\n<div style=\"text-align: justify; \">\u00a0</div>\r\n<div align=\"center\" style=\"text-align: justify; \"><b>MESA DIRETORA 2009:</b></div>\r\n<div style=\"text-align: justify; \">\u00a0</div>\r\n<div style=\"text-align: justify; \">PRESIDENTE- Gilberto Aparecido Severino - PP</div>\r\n<div style=\"text-align: justify; \">VICE-PRESIDENTE- Jorge Tom\u00e1z da Silva \u2013 PSDB</div>\r\n<div style=\"text-align: justify; \">SECRET\u00c1RIO- Walter Arantes Guimar\u00e3es Filho \u2013 PR</div>\r\n<div style=\"text-align: justify; \">SEGUNDO SECRET\u00c1RIO- Ana M\u00e1rcia Carvalho Abdulmassih \u2013 PP</div>\r\n<div style=\"text-align: justify; \">\u00a0</div>\r\n<div align=\"center\" style=\"text-align: justify; \"><b>MESA DIRETORA 2010:</b></div>\r\n<div style=\"text-align: justify; \">\u00a0</div>\r\n<div style=\"text-align: justify; \">PRESIDENTE- Gilberto Bernal J\u00fanior - PP</div>\r\n<div style=\"text-align: justify; \">VICE-PRESIDENTE- Ana M\u00e1rcia Carvalho Abdulmassih - PP</div>\r\n<div style=\"text-align: justify; \">SECRET\u00c1RIO- Jos\u00e9 Barreto Miranda \u2013 PTB</div>\r\n<div style=\"text-align: justify; \">SEGUNDO SECRET\u00c1RIO- Reginaldo Luiz da Silva Freitas \u2013 PPS</div>\r\n<div style=\"text-align: justify; \">\u00a0</div>\r\n<div align=\"center\" style=\"text-align: justify; \"><b>MESA DIRETORA 2011:</b></div>\r\n<div style=\"text-align: justify; \">\u00a0</div>\r\n<div style=\"text-align: justify; \">PRESIDENTE- Walter Arantes Guimar\u00e3es Filho \u2013 PR</div>\r\n<div style=\"text-align: justify; \">VICE-PRESIDENTE- Carlos Rodrigues de Souza \u2013 PMDB</div>\r\n<div style=\"text-align: justify; \">SECRET\u00c1RIO- Gilberto Aparecido Severino - PP</div>\r\n<div style=\"text-align: justify; \">SEGUNDO SECRET\u00c1RIO- Ant\u00f4nio J\u00fanio da Fonseca \u2013 PPS</div>\r\n<div style=\"text-align: justify; \">\u00a0</div>\r\n<div style=\"text-align: justify; \">\r\n<div align=\"center\"><b>MESA DIRETORA 2012:</b></div>\r\n<div>\u00a0</div>\r\n<div>PRESIDENTE- Carlos Rodrigues de Souza \u2013 PMDB</div>\r\n<div>VICE-PRESIDENTE- Ant\u00f4nio J\u00fanio da Fonseca \u2013 PPS</div>\r\n<div>SECRET\u00c1RIO- Reginaldo Luiz Silva Freitas - PPS</div>\r\n<div>SEGUNDO SECRET\u00c1RIO- Jorge Tomaz da Silva - PSBD (em mem\u00f3ria)</div>\r\n<div>SEGUNDO SECRET\u00c1RIO- Joseph Tannous \u2013 DEM\u00a0</div>\r\n<div>\u00a0</div>\r\n<div>\r\n<div align=\"center\"><b>MESA DIRETORA 2013:</b></div>\r\n<div>\u00a0</div>\r\n<div>PRESIDENTE- Reginaldo Luiz Silva Freitas \u00a0\u2013 PPS</div>\r\n<div>VICE-PRESIDENTE- Wanderson Jos\u00e9 Rodrigues \u2013 DEM</div>\r\n<div>SECRET\u00c1RIO- Francisco Tomaz da Oliveira Filho - PSDB</div>\r\n<div>SEGUNDO SECRET\u00c1RIO- Wellington Arantes Muniz Carvalho \u2013 PMDB</div>\r\n</div>\r\n<div>\u00a0</div>\r\n</div>\r\n<div style=\"text-align: justify; \">\u00a0\r\n<p align=\"center\"><strong>MESA DIRETORA 2015</strong></p>\r\n<p><strong>Presidente: Francisco Tomaz de Oliveira Filho (Chiquinho)</strong></p>\r\n<p><strong>1\u00ba Vice-Presidente: Andr\u00e9 Luiz Nascimento Vilela</strong></p>\r\n<p><strong>2\u00ba Vice-Presidente: Joliane Mota Soares</strong></p>\r\n<p><strong>1\u00ba Secret\u00e1rio: C\u00e9lio Dos Reis Ad\u00e3o da Silva</strong></p>\r\n<p><strong>2\u00ba Secret\u00e1rio: Mauro Gouveia Alves</strong></p>\r\n<p><strong>\u00a0</strong></p>\r\n<p align=\"center\"><strong>MESA DIRETORA 2016</strong></p>\r\n<p><strong>Presidente: Wellington Arantes Muniz (Batuta) PMDB</strong></p>\r\n<p><strong>\u00a01\u00b0Vice-Presidente: C\u00e9lio Reis Ad\u00e3o da Silva PSDB</strong></p>\r\n<p><strong>2\u00b0 Vice-Presidente: Mauro Gouveia Alves PROS</strong></p>\r\n<p><strong>1\u00b0 Secret\u00e1rio: Francisco Tomaz de Oliveira Filho (Chiquinho) PSDB</strong></p>\r\n<p><strong>2\u00b0 Secret\u00e1rio: Jo\u00e3o Carlos da Silva DEM</strong></p>\r\n<p><strong>\u00a0</strong></p>\r\n<p align=\"center\"><strong>MESA DIRETORA 2017</strong></p>\r\n<p><strong>Presidente: Odeemes Braz dos Santos PSDB</strong></p>\r\n<p><strong>1\u00b0 Vice- Presidente: Amary Braz de Oliveira PSD</strong></p>\r\n<p><strong>2\u00b0 Vice- Presidente: Jorge Silva Araujo PSC</strong></p>\r\n<p><strong>1\u00b0 Secret\u00e1rio: Gilson Humberto Borges PP</strong></p>\r\n<p><strong>2\u00ba Secret\u00e1rio: Jo\u00e3o Carlos da Silva PR</strong></p>\r\n<p><b>\u00a0</b></p>\r\n<p><b>\u00a0</b></p>\r\n<p>\u00a0</p>\r\n</div>\r\n<div style=\"text-align: justify; \">\u00a0</div>\r\n<div style=\"text-align: justify; \">Saiba mais sobre Ituiutaba\u00a0<a href=\"http://pt.wikipedia.org/wiki/Ituiutaba\"><span>http://pt.wikipedia.org/wiki/Ituiutaba</span></a></div>\r\n<p style=\"text-align: justify; \">\u00a0</p>\r\n<p style=\"text-align: justify; \">\u00a0</p>\r\n</td>\r\n</tr>\r\n</tbody>\r\n</table>\r\n</td>\r\n</tr>\r\n</tbody>\r\n</table>\r\n<p style=\"text-align: justify; \"><img alt=\"\" height=\"860\" src=\"http://www.camaraituiutaba.com.br/images/index_04.jpg\" width=\"16\" /><strong><span>Direitos Reservados C\u00e2mara Municipal de Ituiutaba<br /></span></strong><span>Pra\u00e7a C\u00f4nego \u00c2nglelo - S/N - Ituiutaba - MG<br />Fone: (34) 3261-8500</span></p>", "author_name": "Interlegis", "version": "1.0", "author_url": "https://www.ituiutaba.mg.leg.br/author/Interlegis", "provider_name": "C\u00e2mara Municipal de Ituiutaba", "type": "rich"}